{"id":1177,"date":"2023-11-08T20:20:47","date_gmt":"2023-11-08T19:20:47","guid":{"rendered":"https:\/\/www.menschen-in-bewegung.de\/?p=1177"},"modified":"2023-11-08T20:20:47","modified_gmt":"2023-11-08T19:20:47","slug":"einladung-zur-vollversammlung-am-19-nov-2023","status":"publish","type":"post","link":"https:\/\/www.menschen-in-bewegung.de\/index.php\/einladung-zur-vollversammlung-am-19-nov-2023\/","title":{"rendered":"Einladung zur Vollversammlung am 19. November 2023"},"content":{"rendered":"<p>Liebe Eltern, Sorgeberechtigten, vollj\u00e4hrige Mitglieder &amp; Trainer*innen,<\/p>\n<p>wir laden Euch hiermit herzlichst zur Vollversammlung des Vereins Menschen in Bewegung e.V. ein.<\/p>\n<p>Am 19. November 2023 um 10:00 in Bad Segeberg (genauer Ort wird noch bekannt gegeben)<\/p>\n<p>Vorl\u00e4ufige Tagesordnungspunkte:<\/p>\n<ol>\n<li>Austausch \/ Stimmungsbild \u201ewie war 2022\/23 \u2013 wie wird 2024\u201c<\/li>\n<li>Kurzberichte des Vorstandes und der Trainer*innen zur aktuellen Lage der Gruppen und des Vereins<\/li>\n<li>Bericht der Kassenpr\u00fcfer f\u00fcr di Kassenabschl\u00fcsse 2020, 2021, 2022<\/li>\n<li>Entlastung des Vorstandes<\/li>\n<li>Ehrenamtspauschale Anpassung<\/li>\n<li>Wahlen:<br \/>\na. Schriftwart*in<br \/>\nb. Kassenwart*in<br \/>\nc. 1. Vorsitzende*r<br \/>\nd. 2. Vorsitzende*r<\/li>\n<li>Verschiedenes<\/li>\n<\/ol>\n<p>Vorschl\u00e4ge f\u00fcr die zu w\u00e4hlenden \u00c4mter und weitere Tagesordnungspunkte und Anmeldungen bis zum 12.11.2023 an <a href=\"mailto:schriftkram@menschen-in-bewegung.de\">schriftkram@menschen-in-bewegung.de<\/a>.<\/p>\n<p>Der Verein und dessen Aktivit\u00e4ten werden von nur wenigen Menschen gef\u00fchrt. Es ist wichtig und wertvoll, dass sich auch die Mitglieder und die Eltern der Mitglieder an der Planung und Gestaltung der Gruppen und Feste beteiligen. Nur so k\u00f6nnen wir die Angebote f\u00fcr unsere Mitglieder aufrechterhalten. Daher hoffen wir auf eine gro\u00dfe Beteiligung!<\/p>\n<p>Wir freuen uns auf Euch!<\/p>\n<p>Euer Vorstandteam \u2013 Daria, Jan, Mathias &amp; Swaantje \u270c\ufe0f<\/p>\n","protected":false},"excerpt":{"rendered":"<p>Liebe Eltern, Sorgeberechtigten, vollj\u00e4hrige Mitglieder &amp; Trainer*innen, wir laden Euch hiermit herzlichst zur Vollversammlung des Vereins Menschen in Bewegung e.V. ein. Am 19. November 2023 um 10:00 in Bad Segeberg &#8230; <a class=\"read-more\" href=\"https:\/\/www.menschen-in-bewegung.de\/index.php\/einladung-zur-vollversammlung-am-19-nov-2023\/\"><b>Weiterlesen<\/b><\/a><\/p>\n","protected":false},"author":8,"featured_media":0,"comment_status":"closed","ping_status":"closed","sticky":false,"template":"","format":"standard","meta":{"footnotes":""},"categories":[1],"tags":[],"class_list":["post-1177","post","type-post","status-publish","format-standard","hentry","category-aktuelles"],"yoast_head":"<!-- This site is optimized with the Yoast SEO plugin v26.8 - https:\/\/yoast.com\/product\/yoast-seo-wordpress\/ -->\n<title>Einladung zur Vollversammlung am 19. November 2023 - Menschen in Bewegung e.V.<\/title>\n<meta name=\"robots\" content=\"index, follow, max-snippet:-1, max-image-preview:large, max-video-preview:-1\" \/>\n<link rel=\"canonical\" href=\"https:\/\/www.menschen-in-bewegung.de\/index.php\/einladung-zur-vollversammlung-am-19-nov-2023\/\" \/>\n<meta property=\"og:locale\" content=\"de_DE\" \/>\n<meta property=\"og:type\" content=\"article\" \/>\n<meta property=\"og:title\" content=\"Einladung zur Vollversammlung am 19. November 2023 - Menschen in Bewegung e.V.\" \/>\n<meta property=\"og:description\" content=\"Liebe Eltern, Sorgeberechtigten, vollj\u00e4hrige Mitglieder &amp; Trainer*innen, wir laden Euch hiermit herzlichst zur Vollversammlung des Vereins Menschen in Bewegung e.V. ein. Am 19. November 2023 um 10:00 in Bad Segeberg ... Weiterlesen\" \/>\n<meta property=\"og:url\" content=\"https:\/\/www.menschen-in-bewegung.de\/index.php\/einladung-zur-vollversammlung-am-19-nov-2023\/\" \/>\n<meta property=\"og:site_name\" content=\"Menschen in Bewegung e.V.\" \/>\n<meta property=\"article:published_time\" content=\"2023-11-08T19:20:47+00:00\" \/>\n<meta name=\"author\" content=\". .\" \/>\n<meta name=\"twitter:card\" content=\"summary_large_image\" \/>\n<meta name=\"twitter:label1\" content=\"Verfasst von\" \/>\n\t<meta name=\"twitter:data1\" content=\". .\" \/>\n\t<meta name=\"twitter:label2\" content=\"Gesch\u00e4tzte Lesezeit\" \/>\n\t<meta name=\"twitter:data2\" content=\"1\u00a0Minute\" \/>\n<script type=\"application\/ld+json\" class=\"yoast-schema-graph\">{\"@context\":\"https:\/\/schema.org\",\"@graph\":[{\"@type\":\"Article\",\"@id\":\"https:\/\/www.menschen-in-bewegung.de\/index.php\/einladung-zur-vollversammlung-am-19-nov-2023\/#article\",\"isPartOf\":{\"@id\":\"https:\/\/www.menschen-in-bewegung.de\/index.php\/einladung-zur-vollversammlung-am-19-nov-2023\/\"},\"author\":{\"name\":\". .\",\"@id\":\"https:\/\/www.menschen-in-bewegung.de\/#\/schema\/person\/f7c65977b523e23a1eace81fb45c04d3\"},\"headline\":\"Einladung zur Vollversammlung am 19. November 2023\",\"datePublished\":\"2023-11-08T19:20:47+00:00\",\"mainEntityOfPage\":{\"@id\":\"https:\/\/www.menschen-in-bewegung.de\/index.php\/einladung-zur-vollversammlung-am-19-nov-2023\/\"},\"wordCount\":183,\"publisher\":{\"@id\":\"https:\/\/www.menschen-in-bewegung.de\/#organization\"},\"articleSection\":[\"Aktuelles\"],\"inLanguage\":\"de\"},{\"@type\":\"WebPage\",\"@id\":\"https:\/\/www.menschen-in-bewegung.de\/index.php\/einladung-zur-vollversammlung-am-19-nov-2023\/\",\"url\":\"https:\/\/www.menschen-in-bewegung.de\/index.php\/einladung-zur-vollversammlung-am-19-nov-2023\/\",\"name\":\"Einladung zur Vollversammlung am 19. November 2023 - Menschen in Bewegung e.V.\",\"isPartOf\":{\"@id\":\"https:\/\/www.menschen-in-bewegung.de\/#website\"},\"datePublished\":\"2023-11-08T19:20:47+00:00\",\"breadcrumb\":{\"@id\":\"https:\/\/www.menschen-in-bewegung.de\/index.php\/einladung-zur-vollversammlung-am-19-nov-2023\/#breadcrumb\"},\"inLanguage\":\"de\",\"potentialAction\":[{\"@type\":\"ReadAction\",\"target\":[\"https:\/\/www.menschen-in-bewegung.de\/index.php\/einladung-zur-vollversammlung-am-19-nov-2023\/\"]}]},{\"@type\":\"BreadcrumbList\",\"@id\":\"https:\/\/www.menschen-in-bewegung.de\/index.php\/einladung-zur-vollversammlung-am-19-nov-2023\/#breadcrumb\",\"itemListElement\":[{\"@type\":\"ListItem\",\"position\":1,\"name\":\"Home\",\"item\":\"https:\/\/www.menschen-in-bewegung.de\/\"},{\"@type\":\"ListItem\",\"position\":2,\"name\":\"Einladung zur Vollversammlung am 19. November 2023\"}]},{\"@type\":\"WebSite\",\"@id\":\"https:\/\/www.menschen-in-bewegung.de\/#website\",\"url\":\"https:\/\/www.menschen-in-bewegung.de\/\",\"name\":\"Menschen in Bewegung e.V.\",\"description\":\"\",\"publisher\":{\"@id\":\"https:\/\/www.menschen-in-bewegung.de\/#organization\"},\"potentialAction\":[{\"@type\":\"SearchAction\",\"target\":{\"@type\":\"EntryPoint\",\"urlTemplate\":\"https:\/\/www.menschen-in-bewegung.de\/?s={search_term_string}\"},\"query-input\":{\"@type\":\"PropertyValueSpecification\",\"valueRequired\":true,\"valueName\":\"search_term_string\"}}],\"inLanguage\":\"de\"},{\"@type\":\"Organization\",\"@id\":\"https:\/\/www.menschen-in-bewegung.de\/#organization\",\"name\":\"Menschen in Bewegung e.V.\",\"url\":\"https:\/\/www.menschen-in-bewegung.de\/\",\"logo\":{\"@type\":\"ImageObject\",\"inLanguage\":\"de\",\"@id\":\"https:\/\/www.menschen-in-bewegung.de\/#\/schema\/logo\/image\/\",\"url\":\"https:\/\/www.menschen-in-bewegung.de\/wp-content\/uploads\/2015\/11\/logo_mebe_v2.png\",\"contentUrl\":\"https:\/\/www.menschen-in-bewegung.de\/wp-content\/uploads\/2015\/11\/logo_mebe_v2.png\",\"width\":500,\"height\":100,\"caption\":\"Menschen in Bewegung e.V.\"},\"image\":{\"@id\":\"https:\/\/www.menschen-in-bewegung.de\/#\/schema\/logo\/image\/\"}},{\"@type\":\"Person\",\"@id\":\"https:\/\/www.menschen-in-bewegung.de\/#\/schema\/person\/f7c65977b523e23a1eace81fb45c04d3\",\"name\":\". .\",\"image\":{\"@type\":\"ImageObject\",\"inLanguage\":\"de\",\"@id\":\"https:\/\/www.menschen-in-bewegung.de\/#\/schema\/person\/image\/\",\"url\":\"https:\/\/secure.gravatar.com\/avatar\/423c14740449cf5888020dbf229b558745fa7310ea501d8d39882d66bf506ede?s=96&d=mm&r=g\",\"contentUrl\":\"https:\/\/secure.gravatar.com\/avatar\/423c14740449cf5888020dbf229b558745fa7310ea501d8d39882d66bf506ede?s=96&d=mm&r=g\",\"caption\":\". .\"},\"sameAs\":[\"http:\/\/.\"],\"url\":\"https:\/\/www.menschen-in-bewegung.de\/index.php\/author\/mebeevadminx\/\"}]}<\/script>\n<!-- \/ Yoast SEO plugin. -->","yoast_head_json":{"title":"Einladung zur Vollversammlung am 19. November 2023 - Menschen in Bewegung e.V.","robots":{"index":"index","follow":"follow","max-snippet":"max-snippet:-1","max-image-preview":"max-image-preview:large","max-video-preview":"max-video-preview:-1"},"canonical":"https:\/\/www.menschen-in-bewegung.de\/index.php\/einladung-zur-vollversammlung-am-19-nov-2023\/","og_locale":"de_DE","og_type":"article","og_title":"Einladung zur Vollversammlung am 19. November 2023 - Menschen in Bewegung e.V.","og_description":"Liebe Eltern, Sorgeberechtigten, vollj\u00e4hrige Mitglieder &amp; Trainer*innen, wir laden Euch hiermit herzlichst zur Vollversammlung des Vereins Menschen in Bewegung e.V. ein. Am 19. November 2023 um 10:00 in Bad Segeberg ... Weiterlesen","og_url":"https:\/\/www.menschen-in-bewegung.de\/index.php\/einladung-zur-vollversammlung-am-19-nov-2023\/","og_site_name":"Menschen in Bewegung e.V.","article_published_time":"2023-11-08T19:20:47+00:00","author":". .","twitter_card":"summary_large_image","twitter_misc":{"Verfasst von":". .","Gesch\u00e4tzte Lesezeit":"1\u00a0Minute"},"schema":{"@context":"https:\/\/schema.org","@graph":[{"@type":"Article","@id":"https:\/\/www.menschen-in-bewegung.de\/index.php\/einladung-zur-vollversammlung-am-19-nov-2023\/#article","isPartOf":{"@id":"https:\/\/www.menschen-in-bewegung.de\/index.php\/einladung-zur-vollversammlung-am-19-nov-2023\/"},"author":{"name":". .","@id":"https:\/\/www.menschen-in-bewegung.de\/#\/schema\/person\/f7c65977b523e23a1eace81fb45c04d3"},"headline":"Einladung zur Vollversammlung am 19. November 2023","datePublished":"2023-11-08T19:20:47+00:00","mainEntityOfPage":{"@id":"https:\/\/www.menschen-in-bewegung.de\/index.php\/einladung-zur-vollversammlung-am-19-nov-2023\/"},"wordCount":183,"publisher":{"@id":"https:\/\/www.menschen-in-bewegung.de\/#organization"},"articleSection":["Aktuelles"],"inLanguage":"de"},{"@type":"WebPage","@id":"https:\/\/www.menschen-in-bewegung.de\/index.php\/einladung-zur-vollversammlung-am-19-nov-2023\/","url":"https:\/\/www.menschen-in-bewegung.de\/index.php\/einladung-zur-vollversammlung-am-19-nov-2023\/","name":"Einladung zur Vollversammlung am 19. November 2023 - Menschen in Bewegung e.V.","isPartOf":{"@id":"https:\/\/www.menschen-in-bewegung.de\/#website"},"datePublished":"2023-11-08T19:20:47+00:00","breadcrumb":{"@id":"https:\/\/www.menschen-in-bewegung.de\/index.php\/einladung-zur-vollversammlung-am-19-nov-2023\/#breadcrumb"},"inLanguage":"de","potentialAction":[{"@type":"ReadAction","target":["https:\/\/www.menschen-in-bewegung.de\/index.php\/einladung-zur-vollversammlung-am-19-nov-2023\/"]}]},{"@type":"BreadcrumbList","@id":"https:\/\/www.menschen-in-bewegung.de\/index.php\/einladung-zur-vollversammlung-am-19-nov-2023\/#breadcrumb","itemListElement":[{"@type":"ListItem","position":1,"name":"Home","item":"https:\/\/www.menschen-in-bewegung.de\/"},{"@type":"ListItem","position":2,"name":"Einladung zur Vollversammlung am 19. November 2023"}]},{"@type":"WebSite","@id":"https:\/\/www.menschen-in-bewegung.de\/#website","url":"https:\/\/www.menschen-in-bewegung.de\/","name":"Menschen in Bewegung e.V.","description":"","publisher":{"@id":"https:\/\/www.menschen-in-bewegung.de\/#organization"},"potentialAction":[{"@type":"SearchAction","target":{"@type":"EntryPoint","urlTemplate":"https:\/\/www.menschen-in-bewegung.de\/?s={search_term_string}"},"query-input":{"@type":"PropertyValueSpecification","valueRequired":true,"valueName":"search_term_string"}}],"inLanguage":"de"},{"@type":"Organization","@id":"https:\/\/www.menschen-in-bewegung.de\/#organization","name":"Menschen in Bewegung e.V.","url":"https:\/\/www.menschen-in-bewegung.de\/","logo":{"@type":"ImageObject","inLanguage":"de","@id":"https:\/\/www.menschen-in-bewegung.de\/#\/schema\/logo\/image\/","url":"https:\/\/www.menschen-in-bewegung.de\/wp-content\/uploads\/2015\/11\/logo_mebe_v2.png","contentUrl":"https:\/\/www.menschen-in-bewegung.de\/wp-content\/uploads\/2015\/11\/logo_mebe_v2.png","width":500,"height":100,"caption":"Menschen in Bewegung e.V."},"image":{"@id":"https:\/\/www.menschen-in-bewegung.de\/#\/schema\/logo\/image\/"}},{"@type":"Person","@id":"https:\/\/www.menschen-in-bewegung.de\/#\/schema\/person\/f7c65977b523e23a1eace81fb45c04d3","name":". .","image":{"@type":"ImageObject","inLanguage":"de","@id":"https:\/\/www.menschen-in-bewegung.de\/#\/schema\/person\/image\/","url":"https:\/\/secure.gravatar.com\/avatar\/423c14740449cf5888020dbf229b558745fa7310ea501d8d39882d66bf506ede?s=96&d=mm&r=g","contentUrl":"https:\/\/secure.gravatar.com\/avatar\/423c14740449cf5888020dbf229b558745fa7310ea501d8d39882d66bf506ede?s=96&d=mm&r=g","caption":". ."},"sameAs":["http:\/\/."],"url":"https:\/\/www.menschen-in-bewegung.de\/index.php\/author\/mebeevadminx\/"}]}},"_links":{"self":[{"href":"https:\/\/www.menschen-in-bewegung.de\/index.php\/wp-json\/wp\/v2\/posts\/1177","targetHints":{"allow":["GET"]}}],"collection":[{"href":"https:\/\/www.menschen-in-bewegung.de\/index.php\/wp-json\/wp\/v2\/posts"}],"about":[{"href":"https:\/\/www.menschen-in-bewegung.de\/index.php\/wp-json\/wp\/v2\/types\/post"}],"author":[{"embeddable":true,"href":"https:\/\/www.menschen-in-bewegung.de\/index.php\/wp-json\/wp\/v2\/users\/8"}],"replies":[{"embeddable":true,"href":"https:\/\/www.menschen-in-bewegung.de\/index.php\/wp-json\/wp\/v2\/comments?post=1177"}],"version-history":[{"count":1,"href":"https:\/\/www.menschen-in-bewegung.de\/index.php\/wp-json\/wp\/v2\/posts\/1177\/revisions"}],"predecessor-version":[{"id":1178,"href":"https:\/\/www.menschen-in-bewegung.de\/index.php\/wp-json\/wp\/v2\/posts\/1177\/revisions\/1178"}],"wp:attachment":[{"href":"https:\/\/www.menschen-in-bewegung.de\/index.php\/wp-json\/wp\/v2\/media?parent=1177"}],"wp:term":[{"taxonomy":"category","embeddable":true,"href":"https:\/\/www.menschen-in-bewegung.de\/index.php\/wp-json\/wp\/v2\/categories?post=1177"},{"taxonomy":"post_tag","embeddable":true,"href":"https:\/\/www.menschen-in-bewegung.de\/index.php\/wp-json\/wp\/v2\/tags?post=1177"}],"curies":[{"name":"wp","href":"https:\/\/api.w.org\/{rel}","templated":true}]}}