{"id":1202,"date":"2024-06-04T21:12:33","date_gmt":"2024-06-04T19:12:33","guid":{"rendered":"https:\/\/www.menschen-in-bewegung.de\/?p=1202"},"modified":"2024-06-04T21:17:33","modified_gmt":"2024-06-04T19:17:33","slug":"einladung-zum-vollversammlungs-picknick-2024","status":"publish","type":"post","link":"https:\/\/www.menschen-in-bewegung.de\/index.php\/einladung-zum-vollversammlungs-picknick-2024\/","title":{"rendered":"Einladung zum Vollversammlungs-Picknick 2024"},"content":{"rendered":"\n<p><strong>Am 23.06.24 um 9:30Uhr auf dem Bauernhof Spielplatz \/ Nelkenweg 14, in Bad Segeberg<\/strong><br \/><\/p>\n\n\n\n<h2 class=\"wp-block-heading\">Die vorl\u00e4ufige Tagesordnung<\/h2>\n\n\n\n<ol class=\"wp-block-list\">\n<li>Begr\u00fc\u00dfung durch den Vorstand<\/li>\n\n\n\n<li>Austausch \/ Stimmungsbild \/ Planung \u201e2024 -2025\u201c<\/li>\n\n\n\n<li>Kurzberichte des Vorstandes und der Trainer*innen zur aktuellen<br \/>Lage der Gruppen und des Vereins<\/li>\n\n\n\n<li>Bericht der Kassenpr\u00fcfer f\u00fcr die Kassenabschl\u00fcsse 2020, 2021, 2022<\/li>\n\n\n\n<li>Entlastung des Vorstandes<\/li>\n\n\n\n<li>Verschiedenes<\/li>\n<\/ol>\n\n\n\n<p>Vorschl\u00e4ge f\u00fcr weitere Tagesordnungspunkte bis zum 16.06.2024 an schriftkram@menschen-in-bewegung.de<\/p>\n\n\n\n<p><br \/>Der Verein und dessen Aktivit\u00e4ten werden von nur wenigen Menschen gef\u00fchrt. Es ist wichtig und wertvoll, dass sich auch die Mitglieder und die Eltern der Mitglieder an der Planung und Gestaltung der Gruppen und Feste beteiligen. Nur so k\u00f6nnen wir die Angebote f\u00fcr unsere Mitglieder aufrechterhalten. <\/p>\n\n\n\n<p>Daher hoffen wir auf eine gro\u00dfe Beteiligung!<\/p>\n\n\n\n<p><strong>Bringt sehr gerne eure Kinder, Picknick und Decken mit.<br \/><\/strong><\/p>\n\n\n\n<p>Wir freuen uns auf Euch!<br \/><\/p>\n\n\n\n<p>Euer Vorstandteam <\/p>\n\n\n\n<p>\u2013 Marlen, Jan, Mathias &amp; Swaantje<\/p>\n","protected":false},"excerpt":{"rendered":"<p>Am 23.06.24 um 9:30Uhr auf dem Bauernhof Spielplatz \/ Nelkenweg 14, in Bad Segeberg Die vorl\u00e4ufige Tagesordnung Vorschl\u00e4ge f\u00fcr weitere Tagesordnungspunkte bis zum 16.06.2024 an schriftkram@menschen-in-bewegung.de Der Verein und dessen &#8230; <a class=\"read-more\" href=\"https:\/\/www.menschen-in-bewegung.de\/index.php\/einladung-zum-vollversammlungs-picknick-2024\/\"><b>Weiterlesen<\/b><\/a><\/p>\n","protected":false},"author":9,"featured_media":1201,"comment_status":"closed","ping_status":"closed","sticky":false,"template":"","format":"standard","meta":{"footnotes":""},"categories":[1],"tags":[],"class_list":["post-1202","post","type-post","status-publish","format-standard","has-post-thumbnail","hentry","category-aktuelles"],"yoast_head":"<!-- This site is optimized with the Yoast SEO plugin v26.8 - https:\/\/yoast.com\/product\/yoast-seo-wordpress\/ -->\n<title>Einladung zum Vollversammlungs-Picknick 2024 - Menschen in Bewegung e.V.<\/title>\n<meta name=\"robots\" content=\"index, follow, max-snippet:-1, max-image-preview:large, max-video-preview:-1\" \/>\n<link rel=\"canonical\" href=\"https:\/\/www.menschen-in-bewegung.de\/index.php\/einladung-zum-vollversammlungs-picknick-2024\/\" \/>\n<meta property=\"og:locale\" content=\"de_DE\" \/>\n<meta property=\"og:type\" content=\"article\" \/>\n<meta property=\"og:title\" content=\"Einladung zum Vollversammlungs-Picknick 2024 - Menschen in Bewegung e.V.\" \/>\n<meta property=\"og:description\" content=\"Am 23.06.24 um 9:30Uhr auf dem Bauernhof Spielplatz \/ Nelkenweg 14, in Bad Segeberg Die vorl\u00e4ufige Tagesordnung Vorschl\u00e4ge f\u00fcr weitere Tagesordnungspunkte bis zum 16.06.2024 an schriftkram@menschen-in-bewegung.de Der Verein und dessen ... Weiterlesen\" \/>\n<meta property=\"og:url\" content=\"https:\/\/www.menschen-in-bewegung.de\/index.php\/einladung-zum-vollversammlungs-picknick-2024\/\" \/>\n<meta property=\"og:site_name\" content=\"Menschen in Bewegung e.V.\" \/>\n<meta property=\"article:published_time\" content=\"2024-06-04T19:12:33+00:00\" \/>\n<meta property=\"article:modified_time\" content=\"2024-06-04T19:17:33+00:00\" \/>\n<meta property=\"og:image\" content=\"https:\/\/www.menschen-in-bewegung.de\/wp-content\/uploads\/2024\/06\/img_7385-1.jpg\" \/>\n\t<meta property=\"og:image:width\" content=\"1280\" \/>\n\t<meta property=\"og:image:height\" content=\"853\" \/>\n\t<meta property=\"og:image:type\" content=\"image\/jpeg\" \/>\n<meta name=\"author\" content=\"Swaantje Popp\" \/>\n<meta name=\"twitter:card\" content=\"summary_large_image\" \/>\n<meta name=\"twitter:label1\" content=\"Verfasst von\" \/>\n\t<meta name=\"twitter:data1\" content=\"Swaantje Popp\" \/>\n\t<meta name=\"twitter:label2\" content=\"Gesch\u00e4tzte Lesezeit\" \/>\n\t<meta name=\"twitter:data2\" content=\"1\u00a0Minute\" \/>\n<script type=\"application\/ld+json\" class=\"yoast-schema-graph\">{\"@context\":\"https:\/\/schema.org\",\"@graph\":[{\"@type\":\"Article\",\"@id\":\"https:\/\/www.menschen-in-bewegung.de\/index.php\/einladung-zum-vollversammlungs-picknick-2024\/#article\",\"isPartOf\":{\"@id\":\"https:\/\/www.menschen-in-bewegung.de\/index.php\/einladung-zum-vollversammlungs-picknick-2024\/\"},\"author\":{\"name\":\"Swaantje Popp\",\"@id\":\"https:\/\/www.menschen-in-bewegung.de\/#\/schema\/person\/faa213b8c37257867b0dc8d7eb15edbe\"},\"headline\":\"Einladung zum Vollversammlungs-Picknick 2024\",\"datePublished\":\"2024-06-04T19:12:33+00:00\",\"dateModified\":\"2024-06-04T19:17:33+00:00\",\"mainEntityOfPage\":{\"@id\":\"https:\/\/www.menschen-in-bewegung.de\/index.php\/einladung-zum-vollversammlungs-picknick-2024\/\"},\"wordCount\":145,\"publisher\":{\"@id\":\"https:\/\/www.menschen-in-bewegung.de\/#organization\"},\"image\":{\"@id\":\"https:\/\/www.menschen-in-bewegung.de\/index.php\/einladung-zum-vollversammlungs-picknick-2024\/#primaryimage\"},\"thumbnailUrl\":\"https:\/\/www.menschen-in-bewegung.de\/wp-content\/uploads\/2024\/06\/img_7385-1.jpg\",\"articleSection\":[\"Aktuelles\"],\"inLanguage\":\"de\"},{\"@type\":\"WebPage\",\"@id\":\"https:\/\/www.menschen-in-bewegung.de\/index.php\/einladung-zum-vollversammlungs-picknick-2024\/\",\"url\":\"https:\/\/www.menschen-in-bewegung.de\/index.php\/einladung-zum-vollversammlungs-picknick-2024\/\",\"name\":\"Einladung zum Vollversammlungs-Picknick 2024 - Menschen in Bewegung e.V.\",\"isPartOf\":{\"@id\":\"https:\/\/www.menschen-in-bewegung.de\/#website\"},\"primaryImageOfPage\":{\"@id\":\"https:\/\/www.menschen-in-bewegung.de\/index.php\/einladung-zum-vollversammlungs-picknick-2024\/#primaryimage\"},\"image\":{\"@id\":\"https:\/\/www.menschen-in-bewegung.de\/index.php\/einladung-zum-vollversammlungs-picknick-2024\/#primaryimage\"},\"thumbnailUrl\":\"https:\/\/www.menschen-in-bewegung.de\/wp-content\/uploads\/2024\/06\/img_7385-1.jpg\",\"datePublished\":\"2024-06-04T19:12:33+00:00\",\"dateModified\":\"2024-06-04T19:17:33+00:00\",\"breadcrumb\":{\"@id\":\"https:\/\/www.menschen-in-bewegung.de\/index.php\/einladung-zum-vollversammlungs-picknick-2024\/#breadcrumb\"},\"inLanguage\":\"de\",\"potentialAction\":[{\"@type\":\"ReadAction\",\"target\":[\"https:\/\/www.menschen-in-bewegung.de\/index.php\/einladung-zum-vollversammlungs-picknick-2024\/\"]}]},{\"@type\":\"ImageObject\",\"inLanguage\":\"de\",\"@id\":\"https:\/\/www.menschen-in-bewegung.de\/index.php\/einladung-zum-vollversammlungs-picknick-2024\/#primaryimage\",\"url\":\"https:\/\/www.menschen-in-bewegung.de\/wp-content\/uploads\/2024\/06\/img_7385-1.jpg\",\"contentUrl\":\"https:\/\/www.menschen-in-bewegung.de\/wp-content\/uploads\/2024\/06\/img_7385-1.jpg\",\"width\":1280,\"height\":853},{\"@type\":\"BreadcrumbList\",\"@id\":\"https:\/\/www.menschen-in-bewegung.de\/index.php\/einladung-zum-vollversammlungs-picknick-2024\/#breadcrumb\",\"itemListElement\":[{\"@type\":\"ListItem\",\"position\":1,\"name\":\"Home\",\"item\":\"https:\/\/www.menschen-in-bewegung.de\/\"},{\"@type\":\"ListItem\",\"position\":2,\"name\":\"Einladung zum Vollversammlungs-Picknick 2024\"}]},{\"@type\":\"WebSite\",\"@id\":\"https:\/\/www.menschen-in-bewegung.de\/#website\",\"url\":\"https:\/\/www.menschen-in-bewegung.de\/\",\"name\":\"Menschen in Bewegung e.V.\",\"description\":\"\",\"publisher\":{\"@id\":\"https:\/\/www.menschen-in-bewegung.de\/#organization\"},\"potentialAction\":[{\"@type\":\"SearchAction\",\"target\":{\"@type\":\"EntryPoint\",\"urlTemplate\":\"https:\/\/www.menschen-in-bewegung.de\/?s={search_term_string}\"},\"query-input\":{\"@type\":\"PropertyValueSpecification\",\"valueRequired\":true,\"valueName\":\"search_term_string\"}}],\"inLanguage\":\"de\"},{\"@type\":\"Organization\",\"@id\":\"https:\/\/www.menschen-in-bewegung.de\/#organization\",\"name\":\"Menschen in Bewegung e.V.\",\"url\":\"https:\/\/www.menschen-in-bewegung.de\/\",\"logo\":{\"@type\":\"ImageObject\",\"inLanguage\":\"de\",\"@id\":\"https:\/\/www.menschen-in-bewegung.de\/#\/schema\/logo\/image\/\",\"url\":\"https:\/\/www.menschen-in-bewegung.de\/wp-content\/uploads\/2015\/11\/logo_mebe_v2.png\",\"contentUrl\":\"https:\/\/www.menschen-in-bewegung.de\/wp-content\/uploads\/2015\/11\/logo_mebe_v2.png\",\"width\":500,\"height\":100,\"caption\":\"Menschen in Bewegung e.V.\"},\"image\":{\"@id\":\"https:\/\/www.menschen-in-bewegung.de\/#\/schema\/logo\/image\/\"}},{\"@type\":\"Person\",\"@id\":\"https:\/\/www.menschen-in-bewegung.de\/#\/schema\/person\/faa213b8c37257867b0dc8d7eb15edbe\",\"name\":\"Swaantje Popp\",\"image\":{\"@type\":\"ImageObject\",\"inLanguage\":\"de\",\"@id\":\"https:\/\/www.menschen-in-bewegung.de\/#\/schema\/person\/image\/\",\"url\":\"https:\/\/secure.gravatar.com\/avatar\/462015156dd70a5fb15960d5f86dc97486915054feb2c4c1c475d518fa5a9396?s=96&d=mm&r=g\",\"contentUrl\":\"https:\/\/secure.gravatar.com\/avatar\/462015156dd70a5fb15960d5f86dc97486915054feb2c4c1c475d518fa5a9396?s=96&d=mm&r=g\",\"caption\":\"Swaantje Popp\"},\"url\":\"https:\/\/www.menschen-in-bewegung.de\/index.php\/author\/spoppx\/\"}]}<\/script>\n<!-- \/ Yoast SEO plugin. -->","yoast_head_json":{"title":"Einladung zum Vollversammlungs-Picknick 2024 - Menschen in Bewegung e.V.","robots":{"index":"index","follow":"follow","max-snippet":"max-snippet:-1","max-image-preview":"max-image-preview:large","max-video-preview":"max-video-preview:-1"},"canonical":"https:\/\/www.menschen-in-bewegung.de\/index.php\/einladung-zum-vollversammlungs-picknick-2024\/","og_locale":"de_DE","og_type":"article","og_title":"Einladung zum Vollversammlungs-Picknick 2024 - Menschen in Bewegung e.V.","og_description":"Am 23.06.24 um 9:30Uhr auf dem Bauernhof Spielplatz \/ Nelkenweg 14, in Bad Segeberg Die vorl\u00e4ufige Tagesordnung Vorschl\u00e4ge f\u00fcr weitere Tagesordnungspunkte bis zum 16.06.2024 an schriftkram@menschen-in-bewegung.de Der Verein und dessen ... Weiterlesen","og_url":"https:\/\/www.menschen-in-bewegung.de\/index.php\/einladung-zum-vollversammlungs-picknick-2024\/","og_site_name":"Menschen in Bewegung e.V.","article_published_time":"2024-06-04T19:12:33+00:00","article_modified_time":"2024-06-04T19:17:33+00:00","og_image":[{"width":1280,"height":853,"url":"https:\/\/www.menschen-in-bewegung.de\/wp-content\/uploads\/2024\/06\/img_7385-1.jpg","type":"image\/jpeg"}],"author":"Swaantje Popp","twitter_card":"summary_large_image","twitter_misc":{"Verfasst von":"Swaantje Popp","Gesch\u00e4tzte Lesezeit":"1\u00a0Minute"},"schema":{"@context":"https:\/\/schema.org","@graph":[{"@type":"Article","@id":"https:\/\/www.menschen-in-bewegung.de\/index.php\/einladung-zum-vollversammlungs-picknick-2024\/#article","isPartOf":{"@id":"https:\/\/www.menschen-in-bewegung.de\/index.php\/einladung-zum-vollversammlungs-picknick-2024\/"},"author":{"name":"Swaantje Popp","@id":"https:\/\/www.menschen-in-bewegung.de\/#\/schema\/person\/faa213b8c37257867b0dc8d7eb15edbe"},"headline":"Einladung zum Vollversammlungs-Picknick 2024","datePublished":"2024-06-04T19:12:33+00:00","dateModified":"2024-06-04T19:17:33+00:00","mainEntityOfPage":{"@id":"https:\/\/www.menschen-in-bewegung.de\/index.php\/einladung-zum-vollversammlungs-picknick-2024\/"},"wordCount":145,"publisher":{"@id":"https:\/\/www.menschen-in-bewegung.de\/#organization"},"image":{"@id":"https:\/\/www.menschen-in-bewegung.de\/index.php\/einladung-zum-vollversammlungs-picknick-2024\/#primaryimage"},"thumbnailUrl":"https:\/\/www.menschen-in-bewegung.de\/wp-content\/uploads\/2024\/06\/img_7385-1.jpg","articleSection":["Aktuelles"],"inLanguage":"de"},{"@type":"WebPage","@id":"https:\/\/www.menschen-in-bewegung.de\/index.php\/einladung-zum-vollversammlungs-picknick-2024\/","url":"https:\/\/www.menschen-in-bewegung.de\/index.php\/einladung-zum-vollversammlungs-picknick-2024\/","name":"Einladung zum Vollversammlungs-Picknick 2024 - Menschen in Bewegung e.V.","isPartOf":{"@id":"https:\/\/www.menschen-in-bewegung.de\/#website"},"primaryImageOfPage":{"@id":"https:\/\/www.menschen-in-bewegung.de\/index.php\/einladung-zum-vollversammlungs-picknick-2024\/#primaryimage"},"image":{"@id":"https:\/\/www.menschen-in-bewegung.de\/index.php\/einladung-zum-vollversammlungs-picknick-2024\/#primaryimage"},"thumbnailUrl":"https:\/\/www.menschen-in-bewegung.de\/wp-content\/uploads\/2024\/06\/img_7385-1.jpg","datePublished":"2024-06-04T19:12:33+00:00","dateModified":"2024-06-04T19:17:33+00:00","breadcrumb":{"@id":"https:\/\/www.menschen-in-bewegung.de\/index.php\/einladung-zum-vollversammlungs-picknick-2024\/#breadcrumb"},"inLanguage":"de","potentialAction":[{"@type":"ReadAction","target":["https:\/\/www.menschen-in-bewegung.de\/index.php\/einladung-zum-vollversammlungs-picknick-2024\/"]}]},{"@type":"ImageObject","inLanguage":"de","@id":"https:\/\/www.menschen-in-bewegung.de\/index.php\/einladung-zum-vollversammlungs-picknick-2024\/#primaryimage","url":"https:\/\/www.menschen-in-bewegung.de\/wp-content\/uploads\/2024\/06\/img_7385-1.jpg","contentUrl":"https:\/\/www.menschen-in-bewegung.de\/wp-content\/uploads\/2024\/06\/img_7385-1.jpg","width":1280,"height":853},{"@type":"BreadcrumbList","@id":"https:\/\/www.menschen-in-bewegung.de\/index.php\/einladung-zum-vollversammlungs-picknick-2024\/#breadcrumb","itemListElement":[{"@type":"ListItem","position":1,"name":"Home","item":"https:\/\/www.menschen-in-bewegung.de\/"},{"@type":"ListItem","position":2,"name":"Einladung zum Vollversammlungs-Picknick 2024"}]},{"@type":"WebSite","@id":"https:\/\/www.menschen-in-bewegung.de\/#website","url":"https:\/\/www.menschen-in-bewegung.de\/","name":"Menschen in Bewegung e.V.","description":"","publisher":{"@id":"https:\/\/www.menschen-in-bewegung.de\/#organization"},"potentialAction":[{"@type":"SearchAction","target":{"@type":"EntryPoint","urlTemplate":"https:\/\/www.menschen-in-bewegung.de\/?s={search_term_string}"},"query-input":{"@type":"PropertyValueSpecification","valueRequired":true,"valueName":"search_term_string"}}],"inLanguage":"de"},{"@type":"Organization","@id":"https:\/\/www.menschen-in-bewegung.de\/#organization","name":"Menschen in Bewegung e.V.","url":"https:\/\/www.menschen-in-bewegung.de\/","logo":{"@type":"ImageObject","inLanguage":"de","@id":"https:\/\/www.menschen-in-bewegung.de\/#\/schema\/logo\/image\/","url":"https:\/\/www.menschen-in-bewegung.de\/wp-content\/uploads\/2015\/11\/logo_mebe_v2.png","contentUrl":"https:\/\/www.menschen-in-bewegung.de\/wp-content\/uploads\/2015\/11\/logo_mebe_v2.png","width":500,"height":100,"caption":"Menschen in Bewegung e.V."},"image":{"@id":"https:\/\/www.menschen-in-bewegung.de\/#\/schema\/logo\/image\/"}},{"@type":"Person","@id":"https:\/\/www.menschen-in-bewegung.de\/#\/schema\/person\/faa213b8c37257867b0dc8d7eb15edbe","name":"Swaantje Popp","image":{"@type":"ImageObject","inLanguage":"de","@id":"https:\/\/www.menschen-in-bewegung.de\/#\/schema\/person\/image\/","url":"https:\/\/secure.gravatar.com\/avatar\/462015156dd70a5fb15960d5f86dc97486915054feb2c4c1c475d518fa5a9396?s=96&d=mm&r=g","contentUrl":"https:\/\/secure.gravatar.com\/avatar\/462015156dd70a5fb15960d5f86dc97486915054feb2c4c1c475d518fa5a9396?s=96&d=mm&r=g","caption":"Swaantje Popp"},"url":"https:\/\/www.menschen-in-bewegung.de\/index.php\/author\/spoppx\/"}]}},"_links":{"self":[{"href":"https:\/\/www.menschen-in-bewegung.de\/index.php\/wp-json\/wp\/v2\/posts\/1202","targetHints":{"allow":["GET"]}}],"collection":[{"href":"https:\/\/www.menschen-in-bewegung.de\/index.php\/wp-json\/wp\/v2\/posts"}],"about":[{"href":"https:\/\/www.menschen-in-bewegung.de\/index.php\/wp-json\/wp\/v2\/types\/post"}],"author":[{"embeddable":true,"href":"https:\/\/www.menschen-in-bewegung.de\/index.php\/wp-json\/wp\/v2\/users\/9"}],"replies":[{"embeddable":true,"href":"https:\/\/www.menschen-in-bewegung.de\/index.php\/wp-json\/wp\/v2\/comments?post=1202"}],"version-history":[{"count":4,"href":"https:\/\/www.menschen-in-bewegung.de\/index.php\/wp-json\/wp\/v2\/posts\/1202\/revisions"}],"predecessor-version":[{"id":1206,"href":"https:\/\/www.menschen-in-bewegung.de\/index.php\/wp-json\/wp\/v2\/posts\/1202\/revisions\/1206"}],"wp:featuredmedia":[{"embeddable":true,"href":"https:\/\/www.menschen-in-bewegung.de\/index.php\/wp-json\/wp\/v2\/media\/1201"}],"wp:attachment":[{"href":"https:\/\/www.menschen-in-bewegung.de\/index.php\/wp-json\/wp\/v2\/media?parent=1202"}],"wp:term":[{"taxonomy":"category","embeddable":true,"href":"https:\/\/www.menschen-in-bewegung.de\/index.php\/wp-json\/wp\/v2\/categories?post=1202"},{"taxonomy":"post_tag","embeddable":true,"href":"https:\/\/www.menschen-in-bewegung.de\/index.php\/wp-json\/wp\/v2\/tags?post=1202"}],"curies":[{"name":"wp","href":"https:\/\/api.w.org\/{rel}","templated":true}]}}