{"id":1221,"date":"2024-07-28T14:54:02","date_gmt":"2024-07-28T12:54:02","guid":{"rendered":"https:\/\/www.menschen-in-bewegung.de\/?p=1221"},"modified":"2024-07-28T14:55:23","modified_gmt":"2024-07-28T12:55:23","slug":"wir-wuenschen-allen-familien-schoene-sommerferien","status":"publish","type":"post","link":"https:\/\/www.menschen-in-bewegung.de\/index.php\/wir-wuenschen-allen-familien-schoene-sommerferien\/","title":{"rendered":"Wir w\u00fcnschen allen Familien sch\u00f6ne Sommerferien"},"content":{"rendered":"\n<p>Die Sommerferien in Schleswig-Holstein haben begonnen. Wie immer bedeutet das f\u00fcr uns eine Hallen-Pause weil die Schulsporthallen f\u00fcr uns gesperrt sind. Es gibt aber wieder w\u00e4hrend der Sommerferien ein Angebot f\u00fcr alle Mitglieder des Vereins.<\/p>\n\n\n\n<h2 class=\"wp-block-heading\">Unsere Feriengruppe:<\/h2>\n\n\n\n<p>Immer dienstags 15.45 bis 17.15 Uhr auf dem S\u00fcdstadtspielplatz. Das Treffen ist um 15.45 Uhr bei den Sitzelementen mit den roten Sonnenschirmen (mittig auf dem S\u00fcdstadtspielplatz) .<br \/>Gern kann auch jeder Spielzeug mitbringen.<br \/>Eine Anmeldung, f\u00fcr die die das Sommerferienangebot immer oder vielleicht auch nur an manchen Terminen nutzen wollen, ist <em>unbedingt<\/em> erforderlich !<br \/>Das Angebot findet w\u00e4hrend der Sommerferien statt (die kompletten 6 Wochen).<br \/>Sollte es spontan wegen Krankheit o.\u00e4. abgesagt werden m\u00fcssen, bekommen per Mail all diejenigen eine Nachricht, die sich f\u00fcr das Angebot abgemeldet haben.<\/p>\n\n\n\n<p>Bei der Anmeldung teilt ihr bitte Namen und Anzahl der Kinder, sowie Alter der teilnehmenden Kinder mit.<\/p>\n\n\n\n<p>Ansprechpartnerin: Mareike Werz<br \/>Die Mailadresse f\u00fcr die Anmeldung des Sommerferienangebotes lautet:<br \/>werz.mareike@gmail.com<\/p>\n\n\n\n<p><\/p>\n\n\n\n<h2 class=\"wp-block-heading\">Nach den Ferien geht es so wieder los:<\/h2>\n\n\n\n<p>Die Sportgruppen in der Trave-Schule starten wieder am Freitag den 06.09.2024.<\/p>\n\n\n\n<p>Die Sportgruppen in der Franz-Claudius- Schule starten wieder ab Montag den 09.09.2024. <\/p>\n\n\n\n<p><\/p>\n","protected":false},"excerpt":{"rendered":"<p>Die Sommerferien in Schleswig-Holstein haben begonnen. Wie immer bedeutet das f\u00fcr uns eine Hallen-Pause weil die Schulsporthallen f\u00fcr uns gesperrt sind. Es gibt aber wieder w\u00e4hrend der Sommerferien ein Angebot &#8230; <a class=\"read-more\" href=\"https:\/\/www.menschen-in-bewegung.de\/index.php\/wir-wuenschen-allen-familien-schoene-sommerferien\/\"><b>Weiterlesen<\/b><\/a><\/p>\n","protected":false},"author":9,"featured_media":0,"comment_status":"closed","ping_status":"closed","sticky":false,"template":"","format":"standard","meta":{"footnotes":""},"categories":[1],"tags":[],"class_list":["post-1221","post","type-post","status-publish","format-standard","hentry","category-aktuelles"],"yoast_head":"<!-- This site is optimized with the Yoast SEO plugin v26.8 - https:\/\/yoast.com\/product\/yoast-seo-wordpress\/ -->\n<title>Wir w\u00fcnschen allen Familien sch\u00f6ne Sommerferien - Menschen in Bewegung e.V.<\/title>\n<meta name=\"robots\" content=\"index, follow, max-snippet:-1, max-image-preview:large, max-video-preview:-1\" \/>\n<link rel=\"canonical\" href=\"https:\/\/www.menschen-in-bewegung.de\/index.php\/wir-wuenschen-allen-familien-schoene-sommerferien\/\" \/>\n<meta property=\"og:locale\" content=\"de_DE\" \/>\n<meta property=\"og:type\" content=\"article\" \/>\n<meta property=\"og:title\" content=\"Wir w\u00fcnschen allen Familien sch\u00f6ne Sommerferien - Menschen in Bewegung e.V.\" \/>\n<meta property=\"og:description\" content=\"Die Sommerferien in Schleswig-Holstein haben begonnen. Wie immer bedeutet das f\u00fcr uns eine Hallen-Pause weil die Schulsporthallen f\u00fcr uns gesperrt sind. Es gibt aber wieder w\u00e4hrend der Sommerferien ein Angebot ... Weiterlesen\" \/>\n<meta property=\"og:url\" content=\"https:\/\/www.menschen-in-bewegung.de\/index.php\/wir-wuenschen-allen-familien-schoene-sommerferien\/\" \/>\n<meta property=\"og:site_name\" content=\"Menschen in Bewegung e.V.\" \/>\n<meta property=\"article:published_time\" content=\"2024-07-28T12:54:02+00:00\" \/>\n<meta property=\"article:modified_time\" content=\"2024-07-28T12:55:23+00:00\" \/>\n<meta name=\"author\" content=\"Swaantje Popp\" \/>\n<meta name=\"twitter:card\" content=\"summary_large_image\" \/>\n<meta name=\"twitter:label1\" content=\"Verfasst von\" \/>\n\t<meta name=\"twitter:data1\" content=\"Swaantje Popp\" \/>\n\t<meta name=\"twitter:label2\" content=\"Gesch\u00e4tzte Lesezeit\" \/>\n\t<meta name=\"twitter:data2\" content=\"1\u00a0Minute\" \/>\n<script type=\"application\/ld+json\" class=\"yoast-schema-graph\">{\"@context\":\"https:\/\/schema.org\",\"@graph\":[{\"@type\":\"Article\",\"@id\":\"https:\/\/www.menschen-in-bewegung.de\/index.php\/wir-wuenschen-allen-familien-schoene-sommerferien\/#article\",\"isPartOf\":{\"@id\":\"https:\/\/www.menschen-in-bewegung.de\/index.php\/wir-wuenschen-allen-familien-schoene-sommerferien\/\"},\"author\":{\"name\":\"Swaantje Popp\",\"@id\":\"https:\/\/www.menschen-in-bewegung.de\/#\/schema\/person\/faa213b8c37257867b0dc8d7eb15edbe\"},\"headline\":\"Wir w\u00fcnschen allen Familien sch\u00f6ne Sommerferien\",\"datePublished\":\"2024-07-28T12:54:02+00:00\",\"dateModified\":\"2024-07-28T12:55:23+00:00\",\"mainEntityOfPage\":{\"@id\":\"https:\/\/www.menschen-in-bewegung.de\/index.php\/wir-wuenschen-allen-familien-schoene-sommerferien\/\"},\"wordCount\":198,\"publisher\":{\"@id\":\"https:\/\/www.menschen-in-bewegung.de\/#organization\"},\"articleSection\":[\"Aktuelles\"],\"inLanguage\":\"de\"},{\"@type\":\"WebPage\",\"@id\":\"https:\/\/www.menschen-in-bewegung.de\/index.php\/wir-wuenschen-allen-familien-schoene-sommerferien\/\",\"url\":\"https:\/\/www.menschen-in-bewegung.de\/index.php\/wir-wuenschen-allen-familien-schoene-sommerferien\/\",\"name\":\"Wir w\u00fcnschen allen Familien sch\u00f6ne Sommerferien - Menschen in Bewegung e.V.\",\"isPartOf\":{\"@id\":\"https:\/\/www.menschen-in-bewegung.de\/#website\"},\"datePublished\":\"2024-07-28T12:54:02+00:00\",\"dateModified\":\"2024-07-28T12:55:23+00:00\",\"breadcrumb\":{\"@id\":\"https:\/\/www.menschen-in-bewegung.de\/index.php\/wir-wuenschen-allen-familien-schoene-sommerferien\/#breadcrumb\"},\"inLanguage\":\"de\",\"potentialAction\":[{\"@type\":\"ReadAction\",\"target\":[\"https:\/\/www.menschen-in-bewegung.de\/index.php\/wir-wuenschen-allen-familien-schoene-sommerferien\/\"]}]},{\"@type\":\"BreadcrumbList\",\"@id\":\"https:\/\/www.menschen-in-bewegung.de\/index.php\/wir-wuenschen-allen-familien-schoene-sommerferien\/#breadcrumb\",\"itemListElement\":[{\"@type\":\"ListItem\",\"position\":1,\"name\":\"Home\",\"item\":\"https:\/\/www.menschen-in-bewegung.de\/\"},{\"@type\":\"ListItem\",\"position\":2,\"name\":\"Wir w\u00fcnschen allen Familien sch\u00f6ne Sommerferien\"}]},{\"@type\":\"WebSite\",\"@id\":\"https:\/\/www.menschen-in-bewegung.de\/#website\",\"url\":\"https:\/\/www.menschen-in-bewegung.de\/\",\"name\":\"Menschen in Bewegung e.V.\",\"description\":\"\",\"publisher\":{\"@id\":\"https:\/\/www.menschen-in-bewegung.de\/#organization\"},\"potentialAction\":[{\"@type\":\"SearchAction\",\"target\":{\"@type\":\"EntryPoint\",\"urlTemplate\":\"https:\/\/www.menschen-in-bewegung.de\/?s={search_term_string}\"},\"query-input\":{\"@type\":\"PropertyValueSpecification\",\"valueRequired\":true,\"valueName\":\"search_term_string\"}}],\"inLanguage\":\"de\"},{\"@type\":\"Organization\",\"@id\":\"https:\/\/www.menschen-in-bewegung.de\/#organization\",\"name\":\"Menschen in Bewegung e.V.\",\"url\":\"https:\/\/www.menschen-in-bewegung.de\/\",\"logo\":{\"@type\":\"ImageObject\",\"inLanguage\":\"de\",\"@id\":\"https:\/\/www.menschen-in-bewegung.de\/#\/schema\/logo\/image\/\",\"url\":\"https:\/\/www.menschen-in-bewegung.de\/wp-content\/uploads\/2015\/11\/logo_mebe_v2.png\",\"contentUrl\":\"https:\/\/www.menschen-in-bewegung.de\/wp-content\/uploads\/2015\/11\/logo_mebe_v2.png\",\"width\":500,\"height\":100,\"caption\":\"Menschen in Bewegung e.V.\"},\"image\":{\"@id\":\"https:\/\/www.menschen-in-bewegung.de\/#\/schema\/logo\/image\/\"}},{\"@type\":\"Person\",\"@id\":\"https:\/\/www.menschen-in-bewegung.de\/#\/schema\/person\/faa213b8c37257867b0dc8d7eb15edbe\",\"name\":\"Swaantje Popp\",\"image\":{\"@type\":\"ImageObject\",\"inLanguage\":\"de\",\"@id\":\"https:\/\/www.menschen-in-bewegung.de\/#\/schema\/person\/image\/\",\"url\":\"https:\/\/secure.gravatar.com\/avatar\/462015156dd70a5fb15960d5f86dc97486915054feb2c4c1c475d518fa5a9396?s=96&d=mm&r=g\",\"contentUrl\":\"https:\/\/secure.gravatar.com\/avatar\/462015156dd70a5fb15960d5f86dc97486915054feb2c4c1c475d518fa5a9396?s=96&d=mm&r=g\",\"caption\":\"Swaantje Popp\"},\"url\":\"https:\/\/www.menschen-in-bewegung.de\/index.php\/author\/spoppx\/\"}]}<\/script>\n<!-- \/ Yoast SEO plugin. -->","yoast_head_json":{"title":"Wir w\u00fcnschen allen Familien sch\u00f6ne Sommerferien - Menschen in Bewegung e.V.","robots":{"index":"index","follow":"follow","max-snippet":"max-snippet:-1","max-image-preview":"max-image-preview:large","max-video-preview":"max-video-preview:-1"},"canonical":"https:\/\/www.menschen-in-bewegung.de\/index.php\/wir-wuenschen-allen-familien-schoene-sommerferien\/","og_locale":"de_DE","og_type":"article","og_title":"Wir w\u00fcnschen allen Familien sch\u00f6ne Sommerferien - Menschen in Bewegung e.V.","og_description":"Die Sommerferien in Schleswig-Holstein haben begonnen. Wie immer bedeutet das f\u00fcr uns eine Hallen-Pause weil die Schulsporthallen f\u00fcr uns gesperrt sind. Es gibt aber wieder w\u00e4hrend der Sommerferien ein Angebot ... Weiterlesen","og_url":"https:\/\/www.menschen-in-bewegung.de\/index.php\/wir-wuenschen-allen-familien-schoene-sommerferien\/","og_site_name":"Menschen in Bewegung e.V.","article_published_time":"2024-07-28T12:54:02+00:00","article_modified_time":"2024-07-28T12:55:23+00:00","author":"Swaantje Popp","twitter_card":"summary_large_image","twitter_misc":{"Verfasst von":"Swaantje Popp","Gesch\u00e4tzte Lesezeit":"1\u00a0Minute"},"schema":{"@context":"https:\/\/schema.org","@graph":[{"@type":"Article","@id":"https:\/\/www.menschen-in-bewegung.de\/index.php\/wir-wuenschen-allen-familien-schoene-sommerferien\/#article","isPartOf":{"@id":"https:\/\/www.menschen-in-bewegung.de\/index.php\/wir-wuenschen-allen-familien-schoene-sommerferien\/"},"author":{"name":"Swaantje Popp","@id":"https:\/\/www.menschen-in-bewegung.de\/#\/schema\/person\/faa213b8c37257867b0dc8d7eb15edbe"},"headline":"Wir w\u00fcnschen allen Familien sch\u00f6ne Sommerferien","datePublished":"2024-07-28T12:54:02+00:00","dateModified":"2024-07-28T12:55:23+00:00","mainEntityOfPage":{"@id":"https:\/\/www.menschen-in-bewegung.de\/index.php\/wir-wuenschen-allen-familien-schoene-sommerferien\/"},"wordCount":198,"publisher":{"@id":"https:\/\/www.menschen-in-bewegung.de\/#organization"},"articleSection":["Aktuelles"],"inLanguage":"de"},{"@type":"WebPage","@id":"https:\/\/www.menschen-in-bewegung.de\/index.php\/wir-wuenschen-allen-familien-schoene-sommerferien\/","url":"https:\/\/www.menschen-in-bewegung.de\/index.php\/wir-wuenschen-allen-familien-schoene-sommerferien\/","name":"Wir w\u00fcnschen allen Familien sch\u00f6ne Sommerferien - Menschen in Bewegung e.V.","isPartOf":{"@id":"https:\/\/www.menschen-in-bewegung.de\/#website"},"datePublished":"2024-07-28T12:54:02+00:00","dateModified":"2024-07-28T12:55:23+00:00","breadcrumb":{"@id":"https:\/\/www.menschen-in-bewegung.de\/index.php\/wir-wuenschen-allen-familien-schoene-sommerferien\/#breadcrumb"},"inLanguage":"de","potentialAction":[{"@type":"ReadAction","target":["https:\/\/www.menschen-in-bewegung.de\/index.php\/wir-wuenschen-allen-familien-schoene-sommerferien\/"]}]},{"@type":"BreadcrumbList","@id":"https:\/\/www.menschen-in-bewegung.de\/index.php\/wir-wuenschen-allen-familien-schoene-sommerferien\/#breadcrumb","itemListElement":[{"@type":"ListItem","position":1,"name":"Home","item":"https:\/\/www.menschen-in-bewegung.de\/"},{"@type":"ListItem","position":2,"name":"Wir w\u00fcnschen allen Familien sch\u00f6ne Sommerferien"}]},{"@type":"WebSite","@id":"https:\/\/www.menschen-in-bewegung.de\/#website","url":"https:\/\/www.menschen-in-bewegung.de\/","name":"Menschen in Bewegung e.V.","description":"","publisher":{"@id":"https:\/\/www.menschen-in-bewegung.de\/#organization"},"potentialAction":[{"@type":"SearchAction","target":{"@type":"EntryPoint","urlTemplate":"https:\/\/www.menschen-in-bewegung.de\/?s={search_term_string}"},"query-input":{"@type":"PropertyValueSpecification","valueRequired":true,"valueName":"search_term_string"}}],"inLanguage":"de"},{"@type":"Organization","@id":"https:\/\/www.menschen-in-bewegung.de\/#organization","name":"Menschen in Bewegung e.V.","url":"https:\/\/www.menschen-in-bewegung.de\/","logo":{"@type":"ImageObject","inLanguage":"de","@id":"https:\/\/www.menschen-in-bewegung.de\/#\/schema\/logo\/image\/","url":"https:\/\/www.menschen-in-bewegung.de\/wp-content\/uploads\/2015\/11\/logo_mebe_v2.png","contentUrl":"https:\/\/www.menschen-in-bewegung.de\/wp-content\/uploads\/2015\/11\/logo_mebe_v2.png","width":500,"height":100,"caption":"Menschen in Bewegung e.V."},"image":{"@id":"https:\/\/www.menschen-in-bewegung.de\/#\/schema\/logo\/image\/"}},{"@type":"Person","@id":"https:\/\/www.menschen-in-bewegung.de\/#\/schema\/person\/faa213b8c37257867b0dc8d7eb15edbe","name":"Swaantje Popp","image":{"@type":"ImageObject","inLanguage":"de","@id":"https:\/\/www.menschen-in-bewegung.de\/#\/schema\/person\/image\/","url":"https:\/\/secure.gravatar.com\/avatar\/462015156dd70a5fb15960d5f86dc97486915054feb2c4c1c475d518fa5a9396?s=96&d=mm&r=g","contentUrl":"https:\/\/secure.gravatar.com\/avatar\/462015156dd70a5fb15960d5f86dc97486915054feb2c4c1c475d518fa5a9396?s=96&d=mm&r=g","caption":"Swaantje Popp"},"url":"https:\/\/www.menschen-in-bewegung.de\/index.php\/author\/spoppx\/"}]}},"_links":{"self":[{"href":"https:\/\/www.menschen-in-bewegung.de\/index.php\/wp-json\/wp\/v2\/posts\/1221","targetHints":{"allow":["GET"]}}],"collection":[{"href":"https:\/\/www.menschen-in-bewegung.de\/index.php\/wp-json\/wp\/v2\/posts"}],"about":[{"href":"https:\/\/www.menschen-in-bewegung.de\/index.php\/wp-json\/wp\/v2\/types\/post"}],"author":[{"embeddable":true,"href":"https:\/\/www.menschen-in-bewegung.de\/index.php\/wp-json\/wp\/v2\/users\/9"}],"replies":[{"embeddable":true,"href":"https:\/\/www.menschen-in-bewegung.de\/index.php\/wp-json\/wp\/v2\/comments?post=1221"}],"version-history":[{"count":2,"href":"https:\/\/www.menschen-in-bewegung.de\/index.php\/wp-json\/wp\/v2\/posts\/1221\/revisions"}],"predecessor-version":[{"id":1224,"href":"https:\/\/www.menschen-in-bewegung.de\/index.php\/wp-json\/wp\/v2\/posts\/1221\/revisions\/1224"}],"wp:attachment":[{"href":"https:\/\/www.menschen-in-bewegung.de\/index.php\/wp-json\/wp\/v2\/media?parent=1221"}],"wp:term":[{"taxonomy":"category","embeddable":true,"href":"https:\/\/www.menschen-in-bewegung.de\/index.php\/wp-json\/wp\/v2\/categories?post=1221"},{"taxonomy":"post_tag","embeddable":true,"href":"https:\/\/www.menschen-in-bewegung.de\/index.php\/wp-json\/wp\/v2\/tags?post=1221"}],"curies":[{"name":"wp","href":"https:\/\/api.w.org\/{rel}","templated":true}]}}